{"id":8126,"date":"2024-09-13T09:42:30","date_gmt":"2024-09-13T07:42:30","guid":{"rendered":"https:\/\/www.agrati.com\/interview-mit-paolo-pozzi-fur-das-ff-magazin\/"},"modified":"2024-09-13T09:42:30","modified_gmt":"2024-09-13T07:42:30","slug":"interview-mit-paolo-pozzi-fur-das-ff-magazin","status":"publish","type":"post","link":"https:\/\/www.agrati.com\/de\/interview-mit-paolo-pozzi-fur-das-ff-magazin\/","title":{"rendered":"Interview mit Paolo Pozzi f\u00fcr das F+F Magazin"},"content":{"rendered":"<p>In einem aufschlussreichen Interview mit dem <a class=\"app-aware-link \" href=\"https:\/\/www.linkedin.com\/company\/fastener---fixing-magazine\/\" target=\"_self\" rel=\"noopener\" data-test-app-aware-link=\"\">Fastener + Fixing Magazine<\/a> teilt <a id=\"ember3024\" class=\"ember-view\" href=\"https:\/\/www.linkedin.com\/in\/paolo-pozzi-73553987\/\" target=\"_blank\" rel=\"noopener\">Paolo Pozzi<\/a>, Group CEO von Agrati, seine Ansichten \u00fcber die sich \u00e4ndernde Dynamik des Automobilmarktes und die wichtigsten Herausforderungen, denen wir uns stellen m\u00fcssen, um die Nase vorn zu behalten.<\/p>\n<p>Pozzi sprach \u00fcber neue Investitionen in Spitzentechnologien, Fortschritte bei Produkten mit Schwerpunkt auf Elektrifizierung, die Einf\u00fchrung von Agrati Performance \u2013 unserer neuen Gesch\u00e4ftseinheit \u2013 und <a class=\"app-aware-link \" href=\"https:\/\/www.linkedin.com\/company\/tokbo\/\" target=\"_self\" rel=\"noopener\" data-test-app-aware-link=\"\">TOKBO<\/a>.<\/p>\n<p>Verpassen Sie nicht diesen tiefen Einblick, wie sich Agrati in einem sich schnell entwickelnden Markt f\u00fcr die Zukunft positioniert.<\/p>\n<p> Lesen Sie das vollst\u00e4ndige Interview in Fastener+Fixing hier: <a href=\"https:\/\/www.agrati.com\/wp-content\/uploads\/2024\/09\/FF_Agrati_Sept24.pdf\">https:\/\/www.agrati.com\/wp-content\/uploads\/2024\/09\/FF_Agrati_Sept24.pdf<\/a><\/p>\n","protected":false},"excerpt":{"rendered":"<p>In einem aufschlussreichen Interview mit dem Fastener + Fixing Magazine teilt Paolo Pozzi, Group CEO von Agrati, seine Ansichten \u00fcber die sich \u00e4ndernde Dynamik des Automobilmarktes und die wichtigsten Herausforderungen, denen wir uns stellen m\u00fcssen, um die Nase vorn zu behalten. Pozzi sprach \u00fcber neue Investitionen in Spitzentechnologien, Fortschritte bei Produkten mit Schwerpunkt auf Elektrifizierung, [&hellip;]<\/p>\n","protected":false},"author":3,"featured_media":8125,"comment_status":"closed","ping_status":"closed","sticky":false,"template":"","format":"standard","meta":{"_acf_changed":false,"footnotes":""},"categories":[178],"tags":[],"class_list":["post-8126","post","type-post","status-publish","format-standard","has-post-thumbnail","hentry","category-interview-offentlichkeitsarbeit"],"acf":[],"_links":{"self":[{"href":"https:\/\/www.agrati.com\/de\/wp-json\/wp\/v2\/posts\/8126","targetHints":{"allow":["GET"]}}],"collection":[{"href":"https:\/\/www.agrati.com\/de\/wp-json\/wp\/v2\/posts"}],"about":[{"href":"https:\/\/www.agrati.com\/de\/wp-json\/wp\/v2\/types\/post"}],"author":[{"embeddable":true,"href":"https:\/\/www.agrati.com\/de\/wp-json\/wp\/v2\/users\/3"}],"replies":[{"embeddable":true,"href":"https:\/\/www.agrati.com\/de\/wp-json\/wp\/v2\/comments?post=8126"}],"version-history":[{"count":0,"href":"https:\/\/www.agrati.com\/de\/wp-json\/wp\/v2\/posts\/8126\/revisions"}],"wp:featuredmedia":[{"embeddable":true,"href":"https:\/\/www.agrati.com\/de\/wp-json\/wp\/v2\/media\/8125"}],"wp:attachment":[{"href":"https:\/\/www.agrati.com\/de\/wp-json\/wp\/v2\/media?parent=8126"}],"wp:term":[{"taxonomy":"category","embeddable":true,"href":"https:\/\/www.agrati.com\/de\/wp-json\/wp\/v2\/categories?post=8126"},{"taxonomy":"post_tag","embeddable":true,"href":"https:\/\/www.agrati.com\/de\/wp-json\/wp\/v2\/tags?post=8126"}],"curies":[{"name":"wp","href":"https:\/\/api.w.org\/{rel}","templated":true}]}}