{"id":8149,"date":"2024-09-13T09:42:30","date_gmt":"2024-09-13T07:42:30","guid":{"rendered":"https:\/\/www.agrati.com\/entretien-avec-paolo-pozzi-pour-ff-magazine\/"},"modified":"2024-09-13T09:42:30","modified_gmt":"2024-09-13T07:42:30","slug":"entretien-avec-paolo-pozzi-pour-ff-magazine","status":"publish","type":"post","link":"https:\/\/www.agrati.com\/fr\/entretien-avec-paolo-pozzi-pour-ff-magazine\/","title":{"rendered":"Entretien avec Paolo Pozzi pour F+F Magazine"},"content":{"rendered":"<p>Dans un entretien instructif avec <a class=\"app-aware-link \" href=\"https:\/\/www.linkedin.com\/company\/fastener---fixing-magazine\/\" target=\"_self\" rel=\"noopener\" data-test-app-aware-link=\"\">Fastener + Fixing Magazine<\/a>, <a id=\"ember3024\" class=\"ember-view\" href=\"https:\/\/www.linkedin.com\/in\/paolo-pozzi-73553987\/\" target=\"_blank\" rel=\"noopener\">Paolo Pozzi<\/a>, PDG du groupe Agrati, partage son point de vue sur l&rsquo;\u00e9volution de la dynamique du march\u00e9 automobile et les principaux d\u00e9fis auxquels nous sommes confront\u00e9s pour garder une longueur d&rsquo;avance.<\/p>\n<p>Pozzi a parl\u00e9 des nouveaux investissements dans les technologies de pointe, des avanc\u00e9es dans les produits ax\u00e9s sur l&rsquo;\u00e9lectrification, du lancement d&rsquo;Agrati Performance &#8211; notre nouvelle unit\u00e9 commerciale &#8211; et de <a class=\"app-aware-link \" href=\"https:\/\/www.linkedin.com\/company\/tokbo\/\" target=\"_self\" rel=\"noopener\" data-test-app-aware-link=\"\">TOKBO<\/a>.<\/p>\n<p>Ne manquez pas cet examen approfondi de la mani\u00e8re dont Agrati se positionne pour l&rsquo;avenir dans un march\u00e9 en \u00e9volution rapide.<\/p>\n<p> Lisez l&rsquo;int\u00e9gralit\u00e9 de l&rsquo;entretien dans Fastener+Fixing ici&nbsp;: <a href=\"https:\/\/www.agrati.com\/wp-content\/uploads\/2024\/09\/FF_Agrati_Sept24.pdf\">https:\/\/www.agrati.com\/wp-content\/uploads\/2024\/09\/FF_Agrati_Sept24.pdf<\/a><\/p>\n","protected":false},"excerpt":{"rendered":"<p>Dans un entretien instructif avec Fastener + Fixing Magazine, Paolo Pozzi, PDG du groupe Agrati, partage son point de vue sur l&rsquo;\u00e9volution de la dynamique du march\u00e9 automobile et les principaux d\u00e9fis auxquels nous sommes confront\u00e9s pour garder une longueur d&rsquo;avance. Pozzi a parl\u00e9 des nouveaux investissements dans les technologies de pointe, des avanc\u00e9es dans [&hellip;]<\/p>\n","protected":false},"author":3,"featured_media":8084,"comment_status":"closed","ping_status":"closed","sticky":false,"template":"","format":"standard","meta":{"_acf_changed":false,"footnotes":""},"categories":[170],"tags":[],"class_list":["post-8149","post","type-post","status-publish","format-standard","has-post-thumbnail","hentry","category-interview-et-relations-publiques"],"acf":[],"_links":{"self":[{"href":"https:\/\/www.agrati.com\/fr\/wp-json\/wp\/v2\/posts\/8149","targetHints":{"allow":["GET"]}}],"collection":[{"href":"https:\/\/www.agrati.com\/fr\/wp-json\/wp\/v2\/posts"}],"about":[{"href":"https:\/\/www.agrati.com\/fr\/wp-json\/wp\/v2\/types\/post"}],"author":[{"embeddable":true,"href":"https:\/\/www.agrati.com\/fr\/wp-json\/wp\/v2\/users\/3"}],"replies":[{"embeddable":true,"href":"https:\/\/www.agrati.com\/fr\/wp-json\/wp\/v2\/comments?post=8149"}],"version-history":[{"count":0,"href":"https:\/\/www.agrati.com\/fr\/wp-json\/wp\/v2\/posts\/8149\/revisions"}],"wp:featuredmedia":[{"embeddable":true,"href":"https:\/\/www.agrati.com\/fr\/wp-json\/wp\/v2\/media\/8084"}],"wp:attachment":[{"href":"https:\/\/www.agrati.com\/fr\/wp-json\/wp\/v2\/media?parent=8149"}],"wp:term":[{"taxonomy":"category","embeddable":true,"href":"https:\/\/www.agrati.com\/fr\/wp-json\/wp\/v2\/categories?post=8149"},{"taxonomy":"post_tag","embeddable":true,"href":"https:\/\/www.agrati.com\/fr\/wp-json\/wp\/v2\/tags?post=8149"}],"curies":[{"name":"wp","href":"https:\/\/api.w.org\/{rel}","templated":true}]}}