{"id":8156,"date":"2024-04-30T10:11:34","date_gmt":"2024-04-30T08:11:34","guid":{"rendered":"https:\/\/www.agrati.com\/agrati-con-plastic-free-per-salvaguardare-lambiente\/"},"modified":"2024-04-30T10:11:34","modified_gmt":"2024-04-30T08:11:34","slug":"agrati-con-plastic-free-per-salvaguardare-lambiente","status":"publish","type":"post","link":"https:\/\/www.agrati.com\/it\/agrati-con-plastic-free-per-salvaguardare-lambiente\/","title":{"rendered":"AGRATI CON PLASTIC FREE PER SALVAGUARDARE L&#8217;AMBIENTE"},"content":{"rendered":"<p>La plastica \u00e8 un problema serio. Nata come soluzione per semplificarci la vita, dai tessuti agli imballaggi alimentari&#8230; \u00e8 diventata rapidamente un grave inquinante. <\/p>\n<p><!--more--><\/p>\n<p>Infatti, <strong>la plastica prodotta fino ad oggi esiste ancora<\/strong> e continuer\u00e0 ad esistere per altri mille anni. Ma non \u00e8 tutto: la sua resistenza la rende presente in natura, <strong>impattando la vita di molti animali<\/strong>, prime fra tutte le tartarughe marine, <strong>ma anche quella degli esseri umani<\/strong>, che respirano e ingeriscono microplastiche, per un totale stimato di 5 grammi a settimana.<br \/>\n<a href=\"https:\/\/www.agrati.com\/wp-content\/uploads\/2024\/04\/20240419_105956-scaled.jpg\"><img loading=\"lazy\" decoding=\"async\" class=\"size-medium wp-image-40881 alignright\" src=\"https:\/\/agrati.kifadev.it\/wp-content\/uploads\/2025\/10\/20240419_105956-scaled.jpg\" alt=\"\" width=\"225\" height=\"300\" title=\"\"><\/a><\/p>\n<p>Questo \u00e8 quanto ci \u00e8 stato rivelato da <strong><a href=\"https:\/\/www.plasticfreeonlus.it\/\" target=\"_blank\" rel=\"noopener\">Plastic Free<\/a><\/strong>, un&#8217;associazione di volontariato che conta pi\u00f9 di 1.000 referenti in tutta Italia. Si impegna a informare e sensibilizzare quante pi\u00f9 persone possibile sui pericoli dell&#8217;<strong>inquinamento da plastica<\/strong>, anche attivandosi sul campo attraverso vari progetti, tra cui <strong>eventi di pulizia ambientale<\/strong>. <\/p>\n<h3>LA COLLABORAZIONE TRA AGRATI E PLASTIC FREE<\/h3>\n<p>Un <strong>webinar introduttivo<\/strong> \u00e8 stato tenuto dall&#8217;associazione ai dipendenti a livello italiano. Ha permesso una comprensione approfondita della situazione. Successivamente, Agrati \u00e8 scesa in campo, collaborando con Plastic Free durante due eventi di pulizia ambientale.  <\/p>\n<p>Il primo si \u00e8 svolto venerd\u00ec 19 aprile 2024 con alcuni colleghi dello stabilimento di Tronzano Vercellese, in un&#8217;area degradata a <strong>Santhi\u00e0 (VC)<\/strong>. L\u00ec i nostri dipendenti\/volontari hanno ripulito i bordi di una strada periferica, raccogliendo un totale di 134 sacchi per un peso di <strong>1.250 chilogrammi di plastica e rifiuti<\/strong>. <\/p>\n<p>Il secondo evento si \u00e8 svolto nel centro urbano di <strong>Santa Margherita (MB)<\/strong> sabato 20 aprile 2024. Agrati, in qualit\u00e0 di sponsor della pulizia, si \u00e8 rimboccata le maniche contribuendo a raccogliere circa 10 sacchi aggiuntivi per un peso di <strong>250 kg di rifiuti<\/strong>, costituiti principalmente da mozziconi di sigaretta. <\/p>\n<p>Ci\u00f2 che ha pi\u00f9 sbalordito i partecipanti \u00e8 stata la quantit\u00e0 di rifiuti che \u00e8 stato possibile identificare e raccogliere, cos\u00ec come la noncuranza delle persone che hanno contribuito a generarli, inquinando l&#8217;ambiente.<\/p>\n<p>A volte <strong>un piccolo gesto<\/strong>, come gettare i propri rifiuti nel primo cestino disponibile o recarsi al centro di riciclaggio per smaltire oggetti specifici, <strong>pu\u00f2 davvero fare la differenza<\/strong>, contribuendo alla pulizia, non all&#8217;inquinamento, del nostro pianeta.<\/p>\n<p>Ringraziamo tutti i colleghi che hanno preso parte all&#8217;iniziativa e Plastic Free, per le nozioni fornite e per averci permesso di contribuire alla protezione dell&#8217;ambiente.<\/p>\n","protected":false},"excerpt":{"rendered":"<p>La plastica \u00e8 un problema serio. Nata come soluzione per semplificarci la vita, dai tessuti agli imballaggi alimentari&#8230; \u00e8 diventata rapidamente un grave inquinante.<\/p>\n","protected":false},"author":3,"featured_media":8091,"comment_status":"closed","ping_status":"closed","sticky":false,"template":"","format":"standard","meta":{"_acf_changed":false,"footnotes":""},"categories":[80],"tags":[],"class_list":["post-8156","post","type-post","status-publish","format-standard","has-post-thumbnail","hentry","category-sostenibilita"],"acf":[],"_links":{"self":[{"href":"https:\/\/www.agrati.com\/it\/wp-json\/wp\/v2\/posts\/8156","targetHints":{"allow":["GET"]}}],"collection":[{"href":"https:\/\/www.agrati.com\/it\/wp-json\/wp\/v2\/posts"}],"about":[{"href":"https:\/\/www.agrati.com\/it\/wp-json\/wp\/v2\/types\/post"}],"author":[{"embeddable":true,"href":"https:\/\/www.agrati.com\/it\/wp-json\/wp\/v2\/users\/3"}],"replies":[{"embeddable":true,"href":"https:\/\/www.agrati.com\/it\/wp-json\/wp\/v2\/comments?post=8156"}],"version-history":[{"count":0,"href":"https:\/\/www.agrati.com\/it\/wp-json\/wp\/v2\/posts\/8156\/revisions"}],"wp:featuredmedia":[{"embeddable":true,"href":"https:\/\/www.agrati.com\/it\/wp-json\/wp\/v2\/media\/8091"}],"wp:attachment":[{"href":"https:\/\/www.agrati.com\/it\/wp-json\/wp\/v2\/media?parent=8156"}],"wp:term":[{"taxonomy":"category","embeddable":true,"href":"https:\/\/www.agrati.com\/it\/wp-json\/wp\/v2\/categories?post=8156"},{"taxonomy":"post_tag","embeddable":true,"href":"https:\/\/www.agrati.com\/it\/wp-json\/wp\/v2\/tags?post=8156"}],"curies":[{"name":"wp","href":"https:\/\/api.w.org\/{rel}","templated":true}]}}